{"id":47,"__str__":"Secret\u00e1rio da Comiss\u00e3o : Eder Lang Fran\u00e7a","link_detail_backend":"/comissao/participacao/47","metadata":{},"titular":true,"data_designacao":"2025-02-03","data_desligamento":null,"motivo_desligamento":"","observacao":"","composicao":15,"parlamentar":25,"cargo":2}