{"id":40,"__str__":"Projeto de Lei Legislativo n\u00ba 8 de 2020","link_detail_backend":"/materia/40","metadata":{},"numero":8,"ano":2020,"numero_protocolo":24,"data_apresentacao":"2020-06-09","tipo_apresentacao":"E","data_publicacao":null,"numero_origem_externa":"","ano_origem_externa":null,"data_origem_externa":null,"apelido":"","dias_prazo":null,"data_fim_prazo":null,"em_tramitacao":true,"polemica":null,"objeto":"","complementar":null,"ementa":"Estabelece o subs\u00eddio do Presidente da C\u00e2mara Municipal e Vereadores, de 1\u00ba de Janeiro de 2021 a 31 de Dezembro de 2024 em atendimento ao artigo 29, VI, al\u00ednea \"a\", da Constitui\u00e7\u00e3o Federal, artigos 14, VIII e 19, da Lei Org\u00e2nica Municipal e d\u00e1 outras provid\u00eancias.","indexacao":"","observacao":"","resultado":"","texto_original":null,"data_ultima_atualizacao":"2020-06-23T16:51:05.844387-03:00","ip":"","ultima_edicao":null,"tipo":5,"regime_tramitacao":1,"tipo_origem_externa":null,"local_origem_externa":null,"user":null,"anexadas":[],"autores":[16]}