{"id":701,"__str__":"Indica\u00e7\u00e3o n\u00ba 13 de 2025 | Proposi\u00e7\u00e3o inclusa na Ordem do Dia | 10/03/2025","link_detail_backend":"/materia/tramitacao/701","metadata":{},"timestamp":"2025-03-10T15:28:21.446619-03:00","data_tramitacao":"2025-03-10","data_encaminhamento":null,"urgente":false,"turno":"U","texto":"Em vota\u00e7\u00e3o \u00fanica","data_fim_prazo":null,"ip":"177.37.84.1","ultima_edicao":"2025-03-10T15:28:00.650505-03:00","status":18,"materia":549,"unidade_tramitacao_local":7,"unidade_tramitacao_destino":7,"user":2}