{"headers": {"id": "ID", "data_inicio": "Abertura", "hora_inicio": "Hor\u00e1rio (hh:mm)", "data_fim": "Encerramento", "hora_fim": "Hor\u00e1rio (hh:mm)", "": "T\u00edtulo"}, "results": [{"id": "312", "data_inicio": "2026-04-27", "hora_inicio": "20:00", "data_fim": "", "hora_fim": "", "": "10\u00aa Ordin\u00e1ria de 2026 da 17\u00aa Sess\u00e3o Legislativa da 9\u00aa Legislatura"}, {"id": "311", "data_inicio": "2026-04-13", "hora_inicio": "20:00", "data_fim": "", "hora_fim": "", "": "9\u00aa Ordin\u00e1ria de 2026 da 17\u00aa Sess\u00e3o Legislativa da 9\u00aa Legislatura"}, {"id": "310", "data_inicio": "2026-04-06", "hora_inicio": "20:00", "data_fim": "", "hora_fim": "", "": "8\u00aa Ordin\u00e1ria de 2026 da 17\u00aa Sess\u00e3o Legislativa da 9\u00aa Legislatura"}, {"id": "309", "data_inicio": "2026-03-23", "hora_inicio": "20:00", "data_fim": "", "hora_fim": "", "": "7\u00aa Ordin\u00e1ria de 2026 da 17\u00aa Sess\u00e3o Legislativa da 9\u00aa Legislatura"}, {"id": "308", "data_inicio": "2026-03-16", "hora_inicio": "20:00", "data_fim": "", "hora_fim": "", "": "6\u00aa Ordin\u00e1ria de 2026 da 17\u00aa Sess\u00e3o Legislativa da 9\u00aa Legislatura"}, {"id": "307", "data_inicio": "2026-03-09", "hora_inicio": "21:00", "data_fim": "", "hora_fim": "", "": "3\u00aa Extraordin\u00e1ria de 2026 da 17\u00aa Sess\u00e3o Legislativa da 9\u00aa Legislatura"}, {"id": "306", "data_inicio": "2026-03-09", "hora_inicio": "20:00", "data_fim": "", "hora_fim": "", "": "5\u00aa Ordin\u00e1ria de 2026 da 17\u00aa Sess\u00e3o Legislativa da 9\u00aa Legislatura"}, {"id": "305", "data_inicio": "2026-03-02", "hora_inicio": "20:00", "data_fim": "", "hora_fim": "", "": "4\u00aa Ordin\u00e1ria de 2026 da 17\u00aa Sess\u00e3o Legislativa da 9\u00aa Legislatura"}, {"id": "304", "data_inicio": "2026-02-23", "hora_inicio": "21:00", "data_fim": "", "hora_fim": "", "": "2\u00aa Extraordin\u00e1ria de 2026 da 17\u00aa Sess\u00e3o Legislativa da 9\u00aa Legislatura"}, {"id": "303", "data_inicio": "2026-02-23", "hora_inicio": "20:00", "data_fim": "", "hora_fim": "", "": "3\u00aa Ordin\u00e1ria de 2026 da 17\u00aa Sess\u00e3o Legislativa da 9\u00aa Legislatura"}, {"id": "302", "data_inicio": "2026-02-09", "hora_inicio": "20:00", "data_fim": "", "hora_fim": "", "": "2\u00aa Ordin\u00e1ria de 2026 da 17\u00aa Sess\u00e3o Legislativa da 9\u00aa Legislatura"}, {"id": "300", "data_inicio": "2026-02-02", "hora_inicio": "20:00", "data_fim": "", "hora_fim": "", "": "1\u00aa Ordin\u00e1ria de 2026 da 17\u00aa Sess\u00e3o Legislativa da 9\u00aa Legislatura"}, {"id": "301", "data_inicio": "2026-01-08", "hora_inicio": "20:00", "data_fim": "", "hora_fim": "", "": "1\u00aa Extraordin\u00e1ria de 2026 da 17\u00aa Sess\u00e3o Legislativa da 9\u00aa Legislatura"}]}